{"id":9868,"date":"2022-06-07T11:46:15","date_gmt":"2022-06-07T10:46:15","guid":{"rendered":"https:\/\/international.optimas.com\/?p=9868"},"modified":"2024-11-22T16:37:05","modified_gmt":"2024-11-22T22:37:05","slug":"government-emissions-targets-viable-commercial-ev","status":"publish","type":"post","link":"https:\/\/optimas.com\/it\/government-emissions-targets-viable-commercial-ev\/","title":{"rendered":"Gli obiettivi governativi sulle emissioni sono realizzabili con i progressi dei veicoli elettrici commerciali?"},"content":{"rendered":"<div class=\"fusion-fullwidth fullwidth-box fusion-builder-row-1 fusion-flex-container nonhundred-percent-fullwidth non-hundred-percent-height-scrolling\" style=\"--awb-border-radius-top-left:0px;--awb-border-radius-top-right:0px;--awb-border-radius-bottom-right:0px;--awb-border-radius-bottom-left:0px;--awb-flex-wrap:wrap;\" ><div class=\"fusion-builder-row fusion-row fusion-flex-align-items-flex-start fusion-flex-content-wrap\" style=\"max-width:104%;margin-left: calc(-4% \/ 2 );margin-right: calc(-4% \/ 2 );\"><div class=\"fusion-layout-column fusion_builder_column fusion-builder-column-0 fusion_builder_column_1_1 1_1 fusion-flex-column\" style=\"--awb-bg-size:cover;--awb-width-large:100%;--awb-margin-top-large:0px;--awb-spacing-right-large:1.92%;--awb-margin-bottom-large:0px;--awb-spacing-left-large:1.92%;--awb-width-medium:100%;--awb-spacing-right-medium:1.92%;--awb-spacing-left-medium:1.92%;--awb-width-small:100%;--awb-spacing-right-small:1.92%;--awb-spacing-left-small:1.92%;\"><div class=\"fusion-column-wrapper fusion-flex-justify-content-flex-start fusion-content-layout-column\"><div class=\"fusion-text fusion-text-1\"><p>Al di fuori del 2020, le vendite di veicoli elettrici commerciali sono aumentate negli ultimi tempi, tanto che alcuni esperti ritengono che il mercato dei veicoli elettrici commerciali\u00a0<a href=\"https:\/\/www.thedetroitbureau.com\/2022\/02\/commercial-ev-market-will-grow-faster-than-retail-side-forecasts-ram-boss\/\" rel=\"nofollow noopener\" target=\"_blank\">crescere pi\u00f9 velocemente<\/a>\u00a0rispetto al lato della vendita al dettaglio. Un rapporto prevede a\u00a0<a href=\"https:\/\/www.fortunebusinessinsights.com\/industry-reports\/electric-vehicle-market-101678\" rel=\"nofollow noopener\" target=\"_blank\">24.3% CAGR globale<\/a>\u00a0nei prossimi anni, passando da $287,4 miliardi nel 2021 a $1.318,22 miliardi nel 2028. Tuttavia, alcuni sviluppi recenti potrebbero benissimo interferire con il raggiungimento di previsioni cos\u00ec grandiose.<\/p>\n<p>Uno dei temi pi\u00f9 urgenti \u00e8 quello della filiera dei veicoli elettrici. Ha quasi ceduto a causa della carenza di semiconduttori e le cose sono solo peggiorate alla luce della scarsit\u00e0 di materiali e dell\u2019aumento dei costi delle materie prime. Tali problemi di gestione della catena di fornitura hanno portato a ritardi di consegna talvolta superiori a un anno per i clienti, uno sviluppo problematico di per s\u00e9.<\/p>\n<p>Per mantenere la produzione e soddisfare la domanda dei consumatori, alcuni produttori potrebbero potenzialmente abbandonare l\u2019approvvigionamento sostenibile e le pratiche di produzione sostenibili. Presentarsi al mercato come \u201csostenibile\u201d ma intraprendere azioni meno che auspicabili per garantire i materiali \u2013 viaggi di merci accelerati, per esempio \u2013 \u00e8 in conflitto diretto con le ragioni delle aziende per rivolgersi ai veicoli elettrici commerciali.<\/p>\n<p>Oltre a ci\u00f2, i produttori devono affrontare il compito di ottimizzare le batterie dei veicoli elettrici. Anche se si dice che il degrado sia minimo, riduce la capacit\u00e0 di stoccaggio ogni anno. E a questo punto, la produzione di veicoli elettrici \u00e8 ancora cos\u00ec nuova che rimangono dubbi sulla durata effettiva di una batteria per veicoli elettrici e, di conseguenza, se i veicoli elettrici possano contribuire adeguatamente agli obiettivi di emissioni stabiliti dal governo.<\/p>\n<p><strong>\u00c8 necessario ulteriore lavoro per raggiungere gli obiettivi governativi sulle emissioni<\/strong><\/p>\n<p>Sebbene il Regno Unito abbia creato la propria legislazione sulle emissioni come membro dell\u2019UE, sta ancora seguendo lo schema post-Brexit. Entro il 2025, i produttori dovranno ridurre le emissioni di 15% sia nelle auto che nei furgoni. Entro il 2030, si prevede che le auto ridurranno le emissioni di 38% e i furgoni di 31%. Il valore di riferimento di ciascun numero \u00e8 contrario agli standard del 2021, il che potrebbe rappresentare un problema, almeno per quanto riguarda i veicoli elettrici commerciali.<\/p>\n<p>Nel Regno Unito,\u00a0<a href=\"https:\/\/www.smmt.co.uk\/2021\/08\/commercial-vehicle-industry-calls-for-decarbonisation-plans-before-bans\/\" rel=\"nofollow noopener\" target=\"_blank\">2.6% di nuovi furgoni immatricolati<\/a>\u00a0tra gennaio e luglio 2021 erano veicoli elettrici. L\u2019anno solare 2020 ha visto solo 0,3% di nuove immatricolazioni di furgoni elettrici, quindi si tratta di un miglioramento significativo ma probabilmente non sufficiente per raggiungere l\u2019obiettivo previsto. Parte di ci\u00f2 \u00e8 semplicemente dovuto alle opzioni limitate. \u00c8 anche il risultato delle infrastrutture. \u00c8 necessario che diventi pi\u00f9 diffuso per rendere i veicoli elettrici commerciali una valida alternativa a quelli che utilizzano combustibili fossili.<\/p>\n<p>Non dovrebbe sorprendere il fatto che sar\u00e0 necessaria una maggiore innovazione per soddisfare la domanda dei consumatori e gli obiettivi governativi sulle emissioni. Sarebbe vantaggioso anche limitare i costi di conversione, poich\u00e9 il costo totale di propriet\u00e0 dipende dall\u2019utilizzo. Senza sufficienti punti di ricarica rapida o incentivi finanziari, il passaggio ai veicoli elettrici commerciali non \u00e8 cos\u00ec attraente per molte aziende.<\/p>\n<p>Il trasporto leggero e la consegna dell\u2019ultimo miglio rappresentano attualmente le eccezioni. Tuttavia, \u00e8 necessario prestare maggiore attenzione ai veicoli elettrici commerciali pi\u00f9 grandi e pesanti, come quelli a lungo raggio, per le consegne regionali e per le macchine edili. Fino ad allora, qualsiasi obiettivo di zero emissioni nette di carbonio sar\u00e0 pi\u00f9 un sogno irrealizzabile che altro.<\/p>\n<p><em>Optimas Solutions offre un&#039;opzione localizzata per elementi di fissaggio di alta qualit\u00e0 e di qualit\u00e0 testata che possono massimizzare l&#039;efficienza del tuo veicolo elettrico. Con <a href=\"\/it\/products-and-technology\/fasteners\/fastener-manufacturing\/\">impianti di produzione su entrambe le sponde dell\u2019Atlantico<\/a>, Optimas pu\u00f2 ridurre il rischio della catena di fornitura dei veicoli elettrici con soluzioni di fissaggio critiche per mantenere in funzione le linee di produzione dei produttori.<\/em><\/p>\n<\/div><\/div><\/div><\/div><\/div>","protected":false},"excerpt":{"rendered":"","protected":false},"author":1,"featured_media":9869,"comment_status":"closed","ping_status":"closed","sticky":false,"template":"","format":"standard","meta":{"_acf_changed":false,"content-type":"","footnotes":""},"categories":[60],"tags":[],"class_list":["post-9868","post","type-post","status-publish","format-standard","has-post-thumbnail","hentry","category-manufacturing-assembly"],"acf":[],"_links":{"self":[{"href":"https:\/\/optimas.com\/it\/wp-json\/wp\/v2\/posts\/9868","targetHints":{"allow":["GET"]}}],"collection":[{"href":"https:\/\/optimas.com\/it\/wp-json\/wp\/v2\/posts"}],"about":[{"href":"https:\/\/optimas.com\/it\/wp-json\/wp\/v2\/types\/post"}],"author":[{"embeddable":true,"href":"https:\/\/optimas.com\/it\/wp-json\/wp\/v2\/users\/1"}],"replies":[{"embeddable":true,"href":"https:\/\/optimas.com\/it\/wp-json\/wp\/v2\/comments?post=9868"}],"version-history":[{"count":0,"href":"https:\/\/optimas.com\/it\/wp-json\/wp\/v2\/posts\/9868\/revisions"}],"wp:featuredmedia":[{"embeddable":true,"href":"https:\/\/optimas.com\/it\/wp-json\/wp\/v2\/media\/9869"}],"wp:attachment":[{"href":"https:\/\/optimas.com\/it\/wp-json\/wp\/v2\/media?parent=9868"}],"wp:term":[{"taxonomy":"category","embeddable":true,"href":"https:\/\/optimas.com\/it\/wp-json\/wp\/v2\/categories?post=9868"},{"taxonomy":"post_tag","embeddable":true,"href":"https:\/\/optimas.com\/it\/wp-json\/wp\/v2\/tags?post=9868"}],"curies":[{"name":"wp","href":"https:\/\/api.w.org\/{rel}","templated":true}]}}