{"id":10705,"date":"2023-01-19T08:30:23","date_gmt":"2023-01-19T08:30:23","guid":{"rendered":"https:\/\/international.optimas.com\/?p=10705"},"modified":"2025-09-04T16:11:47","modified_gmt":"2025-09-04T21:11:47","slug":"sustainable-industrial-appliance-manufacturing","status":"publish","type":"post","link":"https:\/\/optimas.com\/tr\/sustainable-industrial-appliance-manufacturing\/","title":{"rendered":"S\u00fcrd\u00fcr\u00fclebilir End\u00fcstriyel Cihaz \u0130malat\u0131na \u0130li\u015fkin 3 Husus"},"content":{"rendered":"<div class=\"fusion-fullwidth fullwidth-box fusion-builder-row-1 fusion-flex-container nonhundred-percent-fullwidth non-hundred-percent-height-scrolling\" style=\"--awb-border-radius-top-left:0px;--awb-border-radius-top-right:0px;--awb-border-radius-bottom-right:0px;--awb-border-radius-bottom-left:0px;--awb-flex-wrap:wrap;\" ><div class=\"fusion-builder-row fusion-row fusion-flex-align-items-flex-start fusion-flex-content-wrap\" style=\"max-width:104%;margin-left: calc(-4% \/ 2 );margin-right: calc(-4% \/ 2 );\"><div class=\"fusion-layout-column fusion_builder_column fusion-builder-column-0 fusion_builder_column_1_1 1_1 fusion-flex-column\" style=\"--awb-bg-blend:overlay;--awb-bg-size:cover;--awb-width-large:100%;--awb-margin-top-large:0px;--awb-spacing-right-large:1.92%;--awb-margin-bottom-large:0px;--awb-spacing-left-large:1.92%;--awb-width-medium:100%;--awb-spacing-right-medium:1.92%;--awb-spacing-left-medium:1.92%;--awb-width-small:100%;--awb-spacing-right-small:1.92%;--awb-spacing-left-small:1.92%;\"><div class=\"fusion-column-wrapper fusion-flex-justify-content-flex-start fusion-content-layout-column\"><div class=\"fusion-text fusion-text-1\"><p><span data-contrast=\"auto\">S\u00fcrd\u00fcr\u00fclebilirlik, ba\u015fta end\u00fcstriyel cihaz sekt\u00f6r\u00fc olmak \u00fczere pek \u00e7ok \u00fcreticinin akl\u0131nda \u00f6n s\u0131ralarda yer al\u0131yor.<\/span><span data-ccp-props=\"{\"> <\/span><\/p>\n<p><span data-contrast=\"auto\">Sadece orada de\u011fil <\/span><a href=\"https:\/\/www.mordorintelligence.com\/industry-reports\/commercial-kitchen-appliances-market\" rel=\"nofollow noopener\" target=\"_blank\"><span data-contrast=\"none\">genel talep<\/span><\/a><span data-contrast=\"auto\"> kazanlardan ticari bula\u015f\u0131k makinelerine kadar end\u00fcstriyel cihazlar i\u00e7in talep art\u0131yor, ancak \u00f6zellikle \u00e7evre dostu \u00fcr\u00fcnlere olan talep art\u0131yor. Hem t\u00fcketiciler hem de h\u00fck\u00fcmetler enerji verimlili\u011fine \u00f6ncelik verirken, bir\u00e7ok cihaz \u00fcreticisi s\u00fcrd\u00fcr\u00fclebilir bir \u015fekilde kaynak bulma, \u00fcretme ve da\u011f\u0131tma aray\u0131\u015f\u0131ndad\u0131r. <\/span><a href=\"https:\/\/www.grandviewresearch.com\/industry-analysis\/commercial-kitchen-equipment-appliances-market#:~:text=The%20commercial%20kitchen%20appliances%20market%20is%20segregated%20by,and%20cooking%20range%2C%20oven%2C%20and%20other%20cooking%20appliance.\" rel=\"nofollow noopener\" target=\"_blank\"><span data-contrast=\"none\">karbon emisyonlar\u0131n\u0131 azaltmak<\/span><\/a><span data-contrast=\"auto\">.<\/span><span data-ccp-props=\"{\"> <\/span><\/p>\n<p><span data-contrast=\"auto\">\u0130\u015fletmelerin s\u00fcrd\u00fcr\u00fclebilir end\u00fcstriyel cihaz \u00fcretim s\u00fcre\u00e7lerine ula\u015fabilmesinin \u00fc\u00e7 yolu \u015funlard\u0131r:<\/span><\/p>\n<p><span data-ccp-props=\"{\"> <\/span><\/p>\n<ol>\n<li><span data-contrast=\"auto\">A\u00e7\u0131k\/K\u0131y\u0131ya Yak\u0131n<\/span><span data-ccp-props=\"{\"> ba\u011flant\u0131 elemanlar\u0131<\/span><\/li>\n<\/ol>\n<p><span data-contrast=\"auto\">Yerinde tedarik s\u00fcreci, bir \u00fcreticinin tedarikini kendi \u00fclkesinden sa\u011flamas\u0131, yak\u0131n sahil tedarikinde ise yak\u0131n \u00fclkelerden kaynak sa\u011flanmas\u0131d\u0131r. Yerel kaynak kullan\u0131m\u0131 \u00e7ok daha az nakliye gerektirdi\u011finden, hem k\u0131y\u0131ya yak\u0131n hem de k\u0131y\u0131ya yak\u0131n kaynak kullan\u0131m\u0131 bir i\u015fletmenin karbon ayak izini \u00f6nemli \u00f6l\u00e7\u00fcde iyile\u015ftirebilir. <\/span><\/p>\n<p><span data-contrast=\"auto\">\u0130le <\/span><a href=\"https:\/\/www.statista.com\/topics\/7476\/transportation-emissions-worldwide\/#topicHeader__wrapper\" rel=\"nofollow noopener\" target=\"_blank\"><span data-contrast=\"none\">17% k\u00fcresel sera gaz\u0131 emisyonlar\u0131<\/span><\/a><span data-contrast=\"auto\"> Mal ta\u015f\u0131mac\u0131l\u0131\u011f\u0131ndan kaynaklanan yerel kaynak kullan\u0131m\u0131, s\u00fcrd\u00fcr\u00fclebilir end\u00fcstriyel cihaz \u00fcretim s\u00fcre\u00e7lerini ger\u00e7ekle\u015ftirmeye \u00e7al\u0131\u015fanlar i\u00e7in en \u00f6nemli \u00f6ncelik olmal\u0131d\u0131r.<\/span><\/p>\n<p><span data-contrast=\"auto\">Bunun d\u0131\u015f\u0131nda, <\/span><span data-contrast=\"none\">k\u0131y\u0131ya yana\u015fma ve k\u0131y\u0131ya yak\u0131n<\/span><span data-contrast=\"auto\"> Nakliye gecikmelerini ve g\u00fcmr\u00fck masraflar\u0131n\u0131 azaltarak ve tedarik\u00e7iler ile \u00fcreticiler aras\u0131nda daha yak\u0131n i\u015fbirli\u011fi sunarak tedarik zinciri riskini en aza indirin.<\/span><span data-ccp-props=\"{\"> <\/span><\/p>\n<p><span data-ccp-props=\"{\"> <\/span><\/p>\n<p><span data-contrast=\"auto\">     2. S\u00fcrd\u00fcr\u00fclebilir Ba\u011flant\u0131 Eleman\u0131 \u00dcretimi<\/span><span data-ccp-props=\"{\"> <\/span><\/p>\n<p><span data-contrast=\"auto\">Cihaz \u00fcreticilerinin \u00fcretim s\u00fcre\u00e7lerinin genel emisyonlar\u0131n\u0131 azaltabilmelerinin bir yolu, ba\u011flant\u0131 elemanlar\u0131n\u0131 s\u00fcrd\u00fcr\u00fclebilir bir \u00fcretici veya distrib\u00fct\u00f6rden temin etmektir. Ba\u011flant\u0131 elemanlar\u0131, end\u00fcstriyel bir cihazda kullan\u0131lan en k\u00fc\u00e7\u00fck par\u00e7alardan baz\u0131lar\u0131 olabilir, ancak genellikle say\u0131lar\u0131 en fazla olanlard\u0131r ve \u00fcr\u00fcn kalitesini b\u00fcy\u00fck \u00f6l\u00e7\u00fcde etkileyebilirler.<\/span><span data-ccp-props=\"{\"> <\/span><\/p>\n<p><span data-contrast=\"auto\">S\u00fcrd\u00fcr\u00fclebilir \u00fcretime bir \u00f6rnek <\/span><span data-contrast=\"none\">So\u011fuk \u015fekillendirme<\/span><span data-contrast=\"auto\">metalin \u0131s\u0131 olmadan kuvvetle farkl\u0131 \u015fekillere d\u00f6n\u00fc\u015ft\u00fcr\u00fclmesini i\u00e7eren bir \u00fcretim y\u00f6ntemi. So\u011fuk \u015fekillendirme, di\u011fer bir\u00e7ok ba\u011flant\u0131 eleman\u0131 \u00fcretim prosesinden \u00e7ok daha az enerji gerektirir ve 0%&#039;nin \u00e7\u00f6p sahas\u0131na g\u00f6nderilmesiyle minimum d\u00fczeyde hammadde israf\u0131 sa\u011flar.<\/span><span data-ccp-props=\"{\"> <\/span><\/p>\n<p><span data-contrast=\"auto\">A\u00e7\u0131k\u00e7as\u0131, end\u00fcstriyel cihaz ba\u011flant\u0131 elemanlar\u0131n\u0131n korozyona, \u0131s\u0131ya ve lekeye dayan\u0131kl\u0131 olmas\u0131 gerekir ve so\u011fuk \u015fekillendirme, daha sonra galvanizli \u00e7inko gibi malzemelerle kaplanabilecek \u00e7ok dayan\u0131kl\u0131, paslanmaz \u00e7elik ve ala\u015f\u0131ml\u0131 ba\u011flant\u0131 elemanlar\u0131 \u00fcretir.<\/span><span data-ccp-props=\"{\"> <\/span><\/p>\n<p><span data-ccp-props=\"{\"> <\/span><\/p>\n<p><span data-contrast=\"auto\">     3. \u00c7evre Dostu Ba\u011flant\u0131 Eleman\u0131 Distrib\u00fct\u00f6r\u00fcyle Ortakl\u0131k Yapmak<\/span><span data-ccp-props=\"{\"> <\/span><\/p>\n<p><span data-contrast=\"auto\">Tedarik\u00e7iler ve \u00fcreticiler s\u0131kl\u0131kla simbiyotik bir ili\u015fkiye sahip oldu\u011fundan, \u00fcreticilerin kendi hedeflerine ula\u015fmalar\u0131na yard\u0131mc\u0131 olmak i\u00e7in a\u00e7\u0131k ve ula\u015f\u0131labilir s\u00fcrd\u00fcr\u00fclebilirlik hedeflerine sahip bir tedarik\u00e7iyle ortakl\u0131k kurmaya \u00f6ncelik vermeleri \u00f6nemlidir.<\/span><span data-ccp-props=\"{\"> <\/span><\/p>\n<p><span data-contrast=\"auto\">Optimas&#039;ta, <\/span><a href=\"https:\/\/magazine.torque-expo.com\/issue-70-december-2022\/spotlight-optimas\" rel=\"nofollow noopener\" target=\"_blank\"><span data-contrast=\"none\">S\u00fcrd\u00fcr\u00fclebilirlik yapt\u0131\u011f\u0131m\u0131z i\u015fin itici g\u00fcc\u00fcd\u00fcr<\/span><\/a><span data-contrast=\"auto\">, \u00fcretimden da\u011f\u0131t\u0131ma. Birle\u015fik Krall\u0131k&#039;taki t\u00fcm tesislerimiz yenilenebilir enerjiyle \u00e7al\u0131\u015f\u0131yor ve ISO 14001 akreditasyonumuzu temel alarak, d\u00fcnya \u00e7ap\u0131ndaki tesislerimiz i\u00e7in 2025 y\u0131l\u0131na kadar 70%&#039;ye yenilenebilir enerji sa\u011flamay\u0131 hedefleyen karma\u015f\u0131k bir s\u00fcrd\u00fcr\u00fclebilirlik yol haritas\u0131 olu\u015fturduk.<\/span><span data-ccp-props=\"{\"> <\/span><\/p>\n<p><span data-contrast=\"auto\">Sadece kendi \u00e7evre dostu hedeflerimiz de\u011fil, ayn\u0131 zamanda ortaklar\u0131m\u0131z\u0131n hedeflerine de kendimizi adad\u0131k. Atlantik&#039;in her iki yakas\u0131nda so\u011fuk \u015fekillendirme tesislerine sahip tek ba\u011flant\u0131 eleman\u0131 \u00fcreticisi olarak, karadaki veya k\u0131y\u0131daki ortaklar\u0131m\u0131za her f\u0131rsatta yard\u0131mc\u0131 olmay\u0131 hedefliyoruz. <\/span><\/p>\n<p><span data-contrast=\"auto\">Ayr\u0131ca par\u00e7alar\u0131m\u0131z\u0131n da\u011f\u0131t\u0131m\u0131nda tek kullan\u0131ml\u0131k plastik ve karton yerine yeniden kullan\u0131labilir ambalajlar kullan\u0131yoruz.<\/span><span data-ccp-props=\"{\"> <\/span><\/p>\n<p><span data-ccp-props=\"{\"> <\/span><\/p>\n<p><span data-contrast=\"auto\">S\u00fcrd\u00fcr\u00fclebilir \u00fcretim ve da\u011f\u0131t\u0131m uygulamalar\u0131 sunarak \u00e7evresel hedeflerinize ula\u015fman\u0131za yard\u0131mc\u0131 olabiliriz. <\/span><a href=\"https:\/\/international.optimas.com\/contact\/\"><span data-contrast=\"none\">Bizimle \u00e7al\u0131\u015f<\/span><\/a><span data-contrast=\"auto\"> enerji verimli ve d\u00fc\u015f\u00fck emisyonlu end\u00fcstriyel cihazlara olan talebi kar\u015f\u0131lamak.<\/span><span data-ccp-props=\"{\"> <\/span><\/p>\n<\/div><\/div><\/div><\/div><\/div>","protected":false},"excerpt":{"rendered":"","protected":false},"author":1,"featured_media":10791,"comment_status":"closed","ping_status":"closed","sticky":false,"template":"","format":"standard","meta":{"_acf_changed":false,"content-type":"","footnotes":""},"categories":[60,120],"tags":[],"class_list":["post-10705","post","type-post","status-publish","format-standard","has-post-thumbnail","hentry","category-manufacturing-assembly","category-sustainability"],"acf":[],"_links":{"self":[{"href":"https:\/\/optimas.com\/tr\/wp-json\/wp\/v2\/posts\/10705","targetHints":{"allow":["GET"]}}],"collection":[{"href":"https:\/\/optimas.com\/tr\/wp-json\/wp\/v2\/posts"}],"about":[{"href":"https:\/\/optimas.com\/tr\/wp-json\/wp\/v2\/types\/post"}],"author":[{"embeddable":true,"href":"https:\/\/optimas.com\/tr\/wp-json\/wp\/v2\/users\/1"}],"replies":[{"embeddable":true,"href":"https:\/\/optimas.com\/tr\/wp-json\/wp\/v2\/comments?post=10705"}],"version-history":[{"count":0,"href":"https:\/\/optimas.com\/tr\/wp-json\/wp\/v2\/posts\/10705\/revisions"}],"wp:featuredmedia":[{"embeddable":true,"href":"https:\/\/optimas.com\/tr\/wp-json\/wp\/v2\/media\/10791"}],"wp:attachment":[{"href":"https:\/\/optimas.com\/tr\/wp-json\/wp\/v2\/media?parent=10705"}],"wp:term":[{"taxonomy":"category","embeddable":true,"href":"https:\/\/optimas.com\/tr\/wp-json\/wp\/v2\/categories?post=10705"},{"taxonomy":"post_tag","embeddable":true,"href":"https:\/\/optimas.com\/tr\/wp-json\/wp\/v2\/tags?post=10705"}],"curies":[{"name":"wp","href":"https:\/\/api.w.org\/{rel}","templated":true}]}}